{"id":110,"date":"2021-11-09T21:11:41","date_gmt":"2021-11-09T21:11:41","guid":{"rendered":"http:\/\/doradcyrodzinie.pl\/?p=110"},"modified":"2021-11-20T18:42:41","modified_gmt":"2021-11-20T18:42:41","slug":"warsztaty-odnowy-malzenstwa-i-rodziny","status":"publish","type":"post","link":"https:\/\/doradcyrodzinie.pl\/index.php\/2021\/11\/09\/warsztaty-odnowy-malzenstwa-i-rodziny\/","title":{"rendered":"Warsztaty odnowy ma\u0142\u017ce\u0144stwa i rodziny"},"content":{"rendered":"\n<div class=\"wp-block-image\"><figure class=\"alignleft size-large is-resized\"><a href=\"https:\/\/doradcyrodzinie.pl\/index.php\/2021\/11\/09\/warsztaty-odnowy-malzenstwa-i-rodziny\/plakat-mwk-2\/\"><img loading=\"lazy\" decoding=\"async\" src=\"https:\/\/doradcyrodzinie.pl\/wp-content\/uploads\/2021\/11\/Plakat-MwK-724x1024.jpg\" alt=\"\" class=\"wp-image-115\" width=\"203\" height=\"288\" srcset=\"https:\/\/doradcyrodzinie.pl\/wp-content\/uploads\/2021\/11\/Plakat-MwK-724x1024.jpg 724w, https:\/\/doradcyrodzinie.pl\/wp-content\/uploads\/2021\/11\/Plakat-MwK-212x300.jpg 212w, https:\/\/doradcyrodzinie.pl\/wp-content\/uploads\/2021\/11\/Plakat-MwK-768x1086.jpg 768w, https:\/\/doradcyrodzinie.pl\/wp-content\/uploads\/2021\/11\/Plakat-MwK-1086x1536.jpg 1086w, https:\/\/doradcyrodzinie.pl\/wp-content\/uploads\/2021\/11\/Plakat-MwK-1448x2048.jpg 1448w, https:\/\/doradcyrodzinie.pl\/wp-content\/uploads\/2021\/11\/Plakat-MwK-scaled.jpg 1810w\" sizes=\"auto, (max-width: 203px) 100vw, 203px\" \/><\/a><\/figure><\/div>\n\n\n\n<p class=\"has-text-align-center has-large-font-size\"><strong><span class=\"has-inline-color has-vivid-red-color\">\u201e \u015alubuj\u0119 Ci mi\u0142o\u015b\u0107 niezale\u017cnie od pogody czy nastroju\u201d<\/span><\/strong><\/p>\n\n\n\n<div class=\"wp-block-group\"><div class=\"wp-block-group__inner-container is-layout-flow wp-block-group-is-layout-flow\">\n<div class=\"wp-block-group\"><div class=\"wp-block-group__inner-container is-layout-flow wp-block-group-is-layout-flow\">\n<p class=\"has-text-align-center has-medium-font-size\"><span class=\"has-inline-color has-vivid-red-color\">Zapraszamy na Warsztaty odnowy ma\u0142\u017ce\u0144stwa i rodziny<\/span><\/p>\n\n\n\n<p class=\"has-text-align-center has-medium-font-size\"><span class=\"has-inline-color has-vivid-red-color\">10 \u2013 12 grudnia 2021 do O\u015brodka Caritas w Myczkowcach<\/span><\/p>\n\n\n\n<h3 class=\"has-text-color wp-block-heading\" style=\"color:#ff00f2\"><strong>Lista uczestnik\u00f3w na warsztaty zosta\u0142a zamkni\u0119ta !!!<\/strong><\/h3>\n\n\n\n<p><span style=\"color:#0408fa\" class=\"has-inline-color\">Kochani zap<\/span><span style=\"color:#0307fa\" class=\"has-inline-color\">raszamy na bardzo wyj\u0105tkowe warsztaty kt\u00f3rych h<\/span><span style=\"color:#0307fd\" class=\"has-inline-color\">as\u0142em przewodnim b\u0119d\u0105 s\u0142owa:<\/span><\/p>\n<\/div><\/div>\n\n\n\n<p><strong><span class=\"has-inline-color has-vivid-red-color\">\u201e \u015alubuj\u0119 Ci mi\u0142o\u015b\u0107\u2026 niezale\u017cnie od pogody czy nastroju\u201d<\/span><\/strong><\/p>\n\n\n\n<p><span style=\"color:#0414fa\" class=\"has-inline-color\">&nbsp;Zaproszenie kierujemy:<\/span><\/p>\n\n\n\n<p><span class=\"has-inline-color has-vivid-cyan-blue-color\">&#8211; do ma\u0142\u017ce\u0144stw kt\u00f3re chc\u0105 lepiej si\u0119 rozumie\u0107<\/span><\/p>\n\n\n\n<p><span class=\"has-inline-color has-vivid-cyan-blue-color\">&#8211; poby\u0107 sam na sam z Panem Bogiem, z ma\u0142\u017conkiem, z dzie\u0107mi<\/span><\/p>\n\n\n\n<p><span class=\"has-inline-color has-vivid-cyan-blue-color\">&#8211; kt\u00f3rzy prze\u017cywaj\u0105 kryzys wiary, mi\u0142o\u015bci, osch\u0142o\u015bci w relacjach<\/span><\/p>\n\n\n\n<p><span class=\"has-inline-color has-vivid-cyan-blue-color\">&#8211; kt\u00f3rzy my\u015bl\u0105 o rozstaniu\u2026\u2026.<\/span><\/p>\n\n\n\n<p><span class=\"has-inline-color has-vivid-cyan-blue-color\">&#8211; do narzeczonych aby u\u015bwiadomili sobie wielk\u0105 odpowiedzialno\u015b\u0107 za drugiego cz\u0142owieka z kt\u00f3rym pragn\u0105 po\u0142\u0105czy\u0107 si\u0119 a\u017c do \u015bmierci<\/span><\/p>\n\n\n\n<p><strong><span class=\"has-inline-color has-vivid-red-color\">Sakrament ma\u0142\u017ce\u0144stwa ma ogromn\u0105 si\u0142\u0119 \u2013 tylko czy my w to wierzymy?<\/span><\/strong><\/p>\n\n\n\n<p><strong><span style=\"color:#2302fe\" class=\"has-inline-color\">Ojciec \u015awi\u0119ty Franciszek m\u00f3wi:<\/span><\/strong><\/p>\n\n\n\n<p class=\"has-medium-font-size\"><strong><span class=\"has-inline-color has-vivid-cyan-blue-color\">\u201e Tajemnica polega na tym , ze mi\u0142o\u015b\u0107 jest silniejsza od chwili k\u0142\u00f3tni. Dlatego zawsze zalecam ma\u0142\u017conkom, by nigdy nie ko\u0144czyli dnia, w kt\u00f3rym si\u0119 pok\u0142\u00f3cili bez pojednania. Nie wiem, czy pami\u0119tacie te s\u0142owa, kt\u00f3re zawsze powinny by\u0107 obecne w ma\u0142\u017ce\u0144stwie: czy mog\u0119?, dzi\u0119kuj\u0119, przepraszam, wybacz mi\u201d.<\/span><\/strong><\/p>\n\n\n\n<p><strong><span style=\"color:#008a57\" class=\"has-inline-color\">Tematy<\/span><span style=\"color:#01774c\" class=\"has-inline-color\"> jakie zostan\u0105 poruszone podczas warsztat\u00f3w:<\/span><\/strong><\/p>\n\n\n\n<!--more-->\n\n\n\n<p><strong><span class=\"has-inline-color has-vivid-red-color\">\u201eMusimy wr\u00f3ci\u0107 do prawdziwej mi\u0142o\u015bci\u201d<\/span><\/strong><\/p>\n\n\n\n<p><strong><span class=\"has-inline-color has-vivid-red-color\">\u201eKochasz mnie czy robisz mi \u0142ask\u0119\u201d<\/span><\/strong><\/p>\n\n\n\n<p><strong><span class=\"has-inline-color has-vivid-red-color\">\u201eSka\u0142a czy piasek fundamentem naszego domu\u201d?<\/span><\/strong><\/p>\n\n\n\n<p><strong><span class=\"has-inline-color has-vivid-red-color\">\u201eSposoby na umocnienie zwi\u0105zku\u201d<\/span><\/strong><\/p>\n\n\n\n<p><strong><span class=\"has-inline-color has-vivid-red-color\">\u201eKryzys w ma\u0142\u017ce\u0144stwie, separacja, rozw\u00f3d i co dalej?\u201d<\/span><\/strong><\/p>\n\n\n\n<p><strong><span class=\"has-inline-color has-vivid-red-color\">\u201eDlaczego si\u0119 nie rozumiemy- jak tego unikn\u0105\u0107?\u201d<\/span><\/strong><\/p>\n\n\n\n<p><strong><span class=\"has-inline-color has-vivid-red-color\">\u201eJak rozwin\u0105\u0107 ma\u0142\u017ce\u0144skie skrzyd\u0142a i odnale\u017a\u0107 motywacj\u0119 do zmiany\u201d?<\/span><\/strong><\/p>\n\n\n\n<p><strong><span class=\"has-inline-color has-vivid-red-color\">\u201eMa\u0142\u017ce\u0144stwo w kryzysie \u2013 a gdzie s\u0105 wtedy nasze dzieci\u201d?<\/span><\/strong><\/p>\n\n\n\n<p><strong><span class=\"has-inline-color has-vivid-red-color\">\u201eJak m\u0105drze wychowywa\u0107 dzieci ku warto\u015bciom \u2013 budowanie autorytetu rodzic\u00f3w\u201d<\/span><\/strong><\/p>\n\n\n\n<p class=\"has-vivid-red-color has-text-color\"><strong><span style=\"color:#00733a\" class=\"has-inline-color\">A wi\u0119c zapraszamy: gdzie?<\/span><\/strong> <\/p>\n\n\n\n<p><strong>Miejsce: O\u015brodek Wypoczynkowo \u2013 Rehabilitacyjny Caritas w Myczkowcach<\/strong><\/p>\n\n\n\n<p><strong>&nbsp;&nbsp;&nbsp;&nbsp;&nbsp;&nbsp;&nbsp;&nbsp;&nbsp;&nbsp;&nbsp;&nbsp;&nbsp;&nbsp;&nbsp;&nbsp;&nbsp; Myczkowce 10 A<\/strong><\/p>\n\n\n\n<p><strong>&nbsp;&nbsp;&nbsp;&nbsp;&nbsp;&nbsp;&nbsp;&nbsp;&nbsp;&nbsp;&nbsp;&nbsp;&nbsp;&nbsp;&nbsp;&nbsp; &nbsp;38 \u2013 623 Uherce Mineralne<\/strong><\/p>\n\n\n\n<p><strong>(Bieszczady &#8211; blisko jezioro soli\u0144skie)<\/strong><\/p>\n\n\n\n<p><strong><span style=\"color:#015912\" class=\"has-inline-color\">W programie:<\/span><span class=\"has-inline-color has-vivid-purple-color\"> Konferencje, Warsztaty, Eucharystia, Adoracja,<\/span><\/strong><\/p>\n\n\n\n<p><strong>&nbsp;&nbsp;&nbsp;&nbsp;&nbsp;&nbsp;&nbsp;&nbsp;&nbsp; &nbsp;&nbsp;&nbsp;&nbsp;&nbsp;&nbsp;&nbsp;&nbsp;&nbsp;&nbsp;&nbsp;&nbsp;&nbsp;&nbsp;&nbsp;&nbsp;<span class=\"has-inline-color has-vivid-purple-color\">Projekcja filmu, Spacery, Odpoczynek, Wy\u017cywienie, Noclegi<\/span><\/strong><\/p>\n\n\n\n<p><strong><span class=\"has-inline-color has-vivid-purple-color\">i oczywi\u015bcie odwiedziny \u015awi\u0119tego Miko\u0142aja<\/span><\/strong><\/p>\n\n\n\n<p><strong><span style=\"color:#006f46\" class=\"has-inline-color\">Zapewniamy opiek\u0119 dla ma\u0142ych dzieci a dla starszych zabawy, konkursy z nagrodami, filmy, wycieczki, gry i mecze, plac zabaw, si\u0142ownia.<\/span><\/strong><\/p>\n\n\n\n<p><strong><span class=\"has-inline-color has-vivid-red-color\">Rozpocz\u0119cie o godz. 17.00 zawi\u0105zaniem wsp\u00f3lnoty.<\/span><\/strong><\/p>\n\n\n\n<p><strong><span style=\"color:#016f47\" class=\"has-inline-color\">Prowadz\u0105cy<\/span>:<\/strong><\/p>\n\n\n\n<p><strong>Ks. Pawe\u0142 Ostafi\u0144ski<\/strong><\/p>\n\n\n\n<p><strong>Mgr. Aneta Mr\u00f3z \u2013 Ku\u017aniak<\/strong><\/p>\n\n\n\n<p><strong><span style=\"color:#026d46\" class=\"has-inline-color\">Oprawa muzyczna<\/span><\/strong><\/p>\n\n\n\n<p><strong>Zesp\u00f3\u0142 \u201e \u015awiat\u0142o Uwielbienia\u201d<\/strong><\/p>\n\n\n\n<p><strong><span style=\"color:#01633f\" class=\"has-inline-color\">Wi\u0119cej informacji na:<\/span> <\/strong><a href=\"http:\/\/www.myczkowce.org.pl\"><strong>www.myczkowce.org.pl<\/strong><\/a><\/p>\n\n\n\n<p><strong><span style=\"color:#00603d\" class=\"has-inline-color\">Zg\u0142os<\/span><span style=\"color:#016540\" class=\"has-inline-color\">zenia na: e-mail<\/span>:<span style=\"color:#a30092\" class=\"has-inline-color\"> <\/span><\/strong><a href=\"mailto:tpmazur@wp.pl\"><span style=\"color:#a30092\" class=\"has-inline-color\"><strong>tpmazur@wp.pl<\/strong><\/span><\/a><strong> lub tel. <span style=\"color:#a3009b\" class=\"has-inline-color\">504 \u2013 915 \u2013<\/span><span style=\"color:#a5019d\" class=\"has-inline-color\"> 828<\/span><\/strong><\/p>\n\n\n\n<p><strong><span style=\"color:#007148\" class=\"has-inline-color\">Przy zg\u0142oszeniu prosimy poda\u0107:<\/span><\/strong><\/p>\n\n\n\n<ol class=\"wp-block-list\" type=\"1\"><li><span class=\"has-inline-color has-luminous-vivid-orange-color\"><strong>Imiona i nazwisko ma\u0142\u017conk\u00f3w\/ narzeczonych<\/strong><\/span><\/li><li><span class=\"has-inline-color has-luminous-vivid-orange-color\"><strong>Imiona i wiek dzieci<\/strong><\/span><\/li><li><span class=\"has-inline-color has-luminous-vivid-orange-color\"><strong>Parafi\u0119<\/strong><\/span><\/li><li><span class=\"has-inline-color has-luminous-vivid-orange-color\"><strong>Telefon kontaktowy<\/strong><\/span><\/li><\/ol>\n\n\n\n<p><strong>Przy zg\u0142oszeniu wyra\u017camy zgod\u0119 na przetwarzanie danych osobowych w celu realizacji programu warsztat\u00f3w zgodnie z Ustaw\u0105 z dnia 29 sierpnia 1997 r. o ochronie danych osobowych (Dz. U. z 2016 r. poz. 922).<\/strong><strong><\/strong><\/p>\n\n\n\n<p><strong><span style=\"color:#ff00d7\" class=\"has-inline-color\">Liczba miejsc ograniczona<\/span><\/strong><\/p>\n\n\n\n<p><strong><span class=\"has-inline-color has-vivid-red-color\">Do mi\u0142ego spotkania<\/span><\/strong><\/p>\n<\/div><\/div>\n","protected":false},"excerpt":{"rendered":"<p>\u201e \u015alubuj\u0119 Ci mi\u0142o\u015b\u0107 niezale\u017cnie od pogody czy nastroju\u201d Zapraszamy na Warsztaty odnowy ma\u0142\u017ce\u0144stwa i rodziny 10 \u2013 12 grudnia 2021 do O\u015brodka Caritas w Myczkowcach Lista uczestnik\u00f3w na warsztaty zosta\u0142a zamkni\u0119ta !!! Kochani zapraszamy na bardzo wyj\u0105tkowe warsztaty kt\u00f3rych has\u0142em przewodnim b\u0119d\u0105 s\u0142owa: \u201e \u015alubuj\u0119 Ci mi\u0142o\u015b\u0107\u2026 niezale\u017cnie od pogody czy nastroju\u201d &nbsp;Zaproszenie kierujemy: [&hellip;]<\/p>\n","protected":false},"author":1,"featured_media":0,"comment_status":"closed","ping_status":"open","sticky":false,"template":"","format":"standard","meta":{"footnotes":""},"categories":[1],"tags":[],"class_list":["post-110","post","type-post","status-publish","format-standard","hentry","category-uncategorized"],"_links":{"self":[{"href":"https:\/\/doradcyrodzinie.pl\/index.php\/wp-json\/wp\/v2\/posts\/110","targetHints":{"allow":["GET"]}}],"collection":[{"href":"https:\/\/doradcyrodzinie.pl\/index.php\/wp-json\/wp\/v2\/posts"}],"about":[{"href":"https:\/\/doradcyrodzinie.pl\/index.php\/wp-json\/wp\/v2\/types\/post"}],"author":[{"embeddable":true,"href":"https:\/\/doradcyrodzinie.pl\/index.php\/wp-json\/wp\/v2\/users\/1"}],"replies":[{"embeddable":true,"href":"https:\/\/doradcyrodzinie.pl\/index.php\/wp-json\/wp\/v2\/comments?post=110"}],"version-history":[{"count":9,"href":"https:\/\/doradcyrodzinie.pl\/index.php\/wp-json\/wp\/v2\/posts\/110\/revisions"}],"predecessor-version":[{"id":384,"href":"https:\/\/doradcyrodzinie.pl\/index.php\/wp-json\/wp\/v2\/posts\/110\/revisions\/384"}],"wp:attachment":[{"href":"https:\/\/doradcyrodzinie.pl\/index.php\/wp-json\/wp\/v2\/media?parent=110"}],"wp:term":[{"taxonomy":"category","embeddable":true,"href":"https:\/\/doradcyrodzinie.pl\/index.php\/wp-json\/wp\/v2\/categories?post=110"},{"taxonomy":"post_tag","embeddable":true,"href":"https:\/\/doradcyrodzinie.pl\/index.php\/wp-json\/wp\/v2\/tags?post=110"}],"curies":[{"name":"wp","href":"https:\/\/api.w.org\/{rel}","templated":true}]}}