{"id":664,"date":"2024-03-06T20:40:10","date_gmt":"2024-03-06T20:40:10","guid":{"rendered":"http:\/\/doradcyrodzinie.pl\/?p=664"},"modified":"2024-03-06T21:00:04","modified_gmt":"2024-03-06T21:00:04","slug":"rekolekcje-i-warsztaty-rozwojowe-dla-kobiet","status":"publish","type":"post","link":"https:\/\/doradcyrodzinie.pl\/index.php\/2024\/03\/06\/rekolekcje-i-warsztaty-rozwojowe-dla-kobiet\/","title":{"rendered":"Rekolekcje i Warsztaty Rozwojowe dla Kobiet"},"content":{"rendered":"<div class=\"wp-block-image\">\n<figure class=\"alignleft is-resized\"><a href=\"https:\/\/doradcyrodzinie.pl\/wp-content\/uploads\/2024\/03\/plakat_1_4_v2-scaled.jpg\" target=\"_blank\" rel=\"noreferrer noopener\"><img loading=\"lazy\" decoding=\"async\" width=\"1854\" height=\"2560\" src=\"https:\/\/doradcyrodzinie.pl\/wp-content\/uploads\/2024\/03\/plakat_1_4_v2-scaled.jpg\" alt=\"\" class=\"wp-image-665\" style=\"width:215px;height:auto\" srcset=\"https:\/\/doradcyrodzinie.pl\/wp-content\/uploads\/2024\/03\/plakat_1_4_v2-scaled.jpg 1854w, https:\/\/doradcyrodzinie.pl\/wp-content\/uploads\/2024\/03\/plakat_1_4_v2-217x300.jpg 217w, https:\/\/doradcyrodzinie.pl\/wp-content\/uploads\/2024\/03\/plakat_1_4_v2-741x1024.jpg 741w, https:\/\/doradcyrodzinie.pl\/wp-content\/uploads\/2024\/03\/plakat_1_4_v2-768x1061.jpg 768w, https:\/\/doradcyrodzinie.pl\/wp-content\/uploads\/2024\/03\/plakat_1_4_v2-1112x1536.jpg 1112w, https:\/\/doradcyrodzinie.pl\/wp-content\/uploads\/2024\/03\/plakat_1_4_v2-1483x2048.jpg 1483w\" sizes=\"auto, (max-width: 1854px) 100vw, 1854px\" \/><\/a><\/figure><\/div>\n\n\n<h2 class=\"wp-block-heading has-text-align-center\"><strong><kbd>W dniach 15-17 marca odb\u0119d\u0105 si\u0119 rekolekcje i warsztaty rozwojowe dla kobiet. Serdecznie zapraszamy Kobiety r\u00f3\u017cnego stanu \u2013 panny, m\u0119\u017catki, mamy z c\u00f3rkami \u2013 ka\u017cda z Was niech czuje si\u0119 zaproszona.<\/kbd><\/strong><\/h2>\n\n\n\n<h2 class=\"wp-block-heading has-text-align-center\"><strong><em><mark style=\"background-color:rgba(0, 0, 0, 0)\" class=\"has-inline-color has-vivid-red-color\">Warsztaty \u2013 Rekolekcje&nbsp; Rozwojowe dla ka\u017cdej Kobiety<\/mark><\/em><\/strong><\/h2>\n\n\n\n<h2 class=\"wp-block-heading has-text-align-center\"><strong><em><mark style=\"background-color:rgba(0, 0, 0, 0)\" class=\"has-inline-color has-vivid-red-color\">15 \u2013 17 marzec 2024<\/mark><\/em><\/strong><\/h2>\n\n\n\n<p class=\"is-style-default\"><strong>Serdecznie zapraszamy Kobiety r\u00f3\u017cnego stanu \u2013 panny, m\u0119\u017catki, mamy z c\u00f3rkami \u2013 ka\u017cda z Was niech czuje si\u0119 zaproszona.<\/strong><\/p>\n\n\n\n<p><strong>Dzisiejszy \u015bwiat stawia przed nami Kobietami, ci\u0105gle to nowe wyzwania, kt\u00f3re wymagaj\u0105 niejednokrotnie du\u017cej odwagi i umiej\u0119tno\u015bci radzenia sobie z trudnymi sytuacjami. \u017bycie prywatne, zawodowe, spo\u0142eczne czy duchowe wsz\u0119dzie pojawiaj\u0105 si\u0119 wielkie oczekiwania wobec kobiet i wsz\u0119dzie kobiety maj\u0105 oczekiwania wobec siebie.<\/strong><\/p>\n\n\n\n<p><strong>Jak sobie radzi\u0107 w takich sytuacjach?<\/strong><\/p>\n\n\n\n<p><strong>&nbsp;Czas rekolekcji b\u0119dzie dla nas okazj\u0105 aby przygl\u0105dn\u0105\u0107 si\u0119 sobie jako kobiecie w towarzystwie Matki Maryi i innych kobiet. Bed\u0105 czasem do\u015bwiadczenia siebie, drugiej osoby i Boga we wsp\u00f3lnocie kobiet na modlitwie, podczas wsp\u00f3lnych dzia\u0142a\u0144 warsztatowych oraz dzielenia si\u0119 do\u015bwiadczeniem. B\u0119dziemy poznawa\u0107 odwa\u017cn\u0105 Ester\u0119 i waleczn\u0105 Debor\u0119 \u2013 co mo\u017cemy od Nich zaczerpn\u0105\u0107?-&nbsp; przekonamy si\u0119, \u017ce bardzo wiele. Poznamy swoje maski za kt\u00f3rymi cz\u0119sto si\u0119 kryjemy kiedy brakuje nam odwagi i dowiemy si\u0119 w prosty spos\u00f3b jak cieszy\u0107 si\u0119 \u017cyciem bez udawania. I jeszcze wiele, wiele wi\u0119cej\u2026..<\/strong><\/p>\n\n\n\n<p><strong>T\u0105 prawd\u0119 pomog\u0105 nam odkrywa\u0107:<\/strong><\/p>\n\n\n\n<!--more-->\n\n\n\n<p>Ks. Grzegorz Kosakowski CSMA \u2013 pracuj\u0105cy z ma\u0142\u017ce\u0144stwami jak i indywidualnie prowadz\u0105c psychoterapi\u0119<\/p>\n\n\n\n<p>Siostra Agnieszka Mastej CSSMA i Siostra Barbara Kielar CSSMA \u2013 Kobiety z wielkim zapa\u0142em pragn\u0105ce przybli\u017cy\u0107 nas poprzez swoje do\u015bwiadczenia do Bo\u017cej mi\u0142o\u015bci.<\/p>\n\n\n\n<p><strong>Aby umocni\u0107 swojego ducha<\/strong>:<\/p>\n\n\n\n<p><em>\u2013 Wsp\u00f3lna Eucharystia<\/em><\/p>\n\n\n\n<p><em>\u2013 Mo\u017cliwo\u015b\u0107 skorzystania z sakramentu pokuty<\/em><\/p>\n\n\n\n<p><em>\u2013 Mo\u017cliwo\u015b\u0107 indywidualnej rozmowy &nbsp;&nbsp;&nbsp;&nbsp;&nbsp;&nbsp;&nbsp;&nbsp;&nbsp;&nbsp;&nbsp;&nbsp;&nbsp;&nbsp;&nbsp;&nbsp;&nbsp;&nbsp;&nbsp;&nbsp;&nbsp;&nbsp;&nbsp;&nbsp;&nbsp;&nbsp;&nbsp;&nbsp;&nbsp;&nbsp;&nbsp;&nbsp;&nbsp;&nbsp;&nbsp;&nbsp;&nbsp;<\/em><\/p>\n\n\n\n<p><em>\u2013 Wsp\u00f3lne uwielbianie Pana podczas modlitwy osobistej i adoracji<\/em><\/p>\n\n\n\n<p><em>\u2013 Wyciszenie si\u0119 i otwarcie na dzia\u0142anie w nas Bo\u017cej tajemnicy<\/em><\/p>\n\n\n\n<p><strong>Aby umocni\u0107 nasze cia\u0142o:<\/strong><\/p>\n\n\n\n<p>\u2013 <em>Wsp\u00f3lne posi\u0142ki<\/em><\/p>\n\n\n\n<p><em>\u2013 W przerwach kawusia, herbatka, ciasteczko<\/em><\/p>\n\n\n\n<p><em>\u2013 Warsztaty artystyczne<\/em><\/p>\n\n\n\n<p><em>\u2013 Warsztaty dekoracyjne<\/em><\/p>\n\n\n\n<p><em>\u2013 Do\u015bwiadczenie rado\u015bci bycia we wsp\u00f3lnocie<\/em><\/p>\n\n\n\n<p>Rekolekcje rozpoczynamy &nbsp;w pi\u0105tek o godz: 18.00 a ko\u0144czymy w niedziel\u0119 o godz: 13.00 wsp\u00f3lnym obiadem.<\/p>\n\n\n\n<p>Miejsce: Centrum Duchowo\u015bci Michalickiej \u201eDom u Ojca\u201d w Miejscu Piastowym<\/p>\n\n\n\n<p>Zg\u0142oszenia \u2013 mo\u017cna zapisa\u0107 si\u0119 przez:<\/p>\n\n\n\n<p>e-mail: <a href=\"mailto:tpmazur@wp.pl\">tpmazur@wp.pl<\/a> lub &nbsp;tel: 504-915-828<\/p>\n\n\n\n<p>podaj\u0105c: imi\u0119 i nazwisko, miejscowo\u015b\u0107, numer kontaktowy, nocleg<\/p>\n\n\n\n<p><strong>Koszty uczestnictwa:<\/strong><\/p>\n\n\n\n<p><strong>Bez noclegu<\/strong><\/p>\n\n\n\n<p>Osoba doros\u0142a \u2013 250 z\u0142 \u2013 pe\u0142ne wy\u017cywienie, kawiarenka, materia\u0142y na warsztaty &nbsp;&nbsp;&nbsp;&nbsp;&nbsp;&nbsp;&nbsp;&nbsp;&nbsp;&nbsp;&nbsp;artystyczne i dekoracyjne, koszty organizacyjne<\/p>\n\n\n\n<p>C\u00f3rka do 18 lat \u2013 200 z\u0142<\/p>\n\n\n\n<p><strong>Z noclegiem<\/strong><\/p>\n\n\n\n<p>Osoba doros\u0142a &nbsp;\u2013 350 z\u0142 \u2013 jak wy\u017cej, plus nocleg<\/p>\n\n\n\n<p>C\u00f3rka do 18 lat \u2013 300 z\u0142<\/p>\n\n\n\n<p>Staramy si\u0119 o pozyskanie sponsor\u00f3w aby obni\u017cy\u0107 koszty dla os\u00f3b kt\u00f3re tego potrzebuj\u0105 dlatego mamy nadziej\u0119 \u017ce koszty &nbsp;ulegn\u0105 zmniejszeniu.<\/p>\n\n\n\n<p><strong>ILO\u015a\u0106 MIEJSC OGRANICZONA<\/strong><\/p>\n\n\n\n<p><strong>&nbsp;Serdecznie zapraszamy!<\/strong><\/p>\n","protected":false},"excerpt":{"rendered":"<p>W dniach 15-17 marca odb\u0119d\u0105 si\u0119 rekolekcje i warsztaty rozwojowe dla kobiet. Serdecznie zapraszamy Kobiety r\u00f3\u017cnego stanu \u2013 panny, m\u0119\u017catki, mamy z c\u00f3rkami \u2013 ka\u017cda z Was niech czuje si\u0119 zaproszona. Warsztaty \u2013 Rekolekcje&nbsp; Rozwojowe dla ka\u017cdej Kobiety 15 \u2013 17 marzec 2024 Serdecznie zapraszamy Kobiety r\u00f3\u017cnego stanu \u2013 panny, m\u0119\u017catki, mamy z c\u00f3rkami \u2013 [&hellip;]<\/p>\n","protected":false},"author":1,"featured_media":0,"comment_status":"closed","ping_status":"open","sticky":false,"template":"","format":"standard","meta":{"footnotes":""},"categories":[1],"tags":[],"class_list":["post-664","post","type-post","status-publish","format-standard","hentry","category-uncategorized"],"_links":{"self":[{"href":"https:\/\/doradcyrodzinie.pl\/index.php\/wp-json\/wp\/v2\/posts\/664","targetHints":{"allow":["GET"]}}],"collection":[{"href":"https:\/\/doradcyrodzinie.pl\/index.php\/wp-json\/wp\/v2\/posts"}],"about":[{"href":"https:\/\/doradcyrodzinie.pl\/index.php\/wp-json\/wp\/v2\/types\/post"}],"author":[{"embeddable":true,"href":"https:\/\/doradcyrodzinie.pl\/index.php\/wp-json\/wp\/v2\/users\/1"}],"replies":[{"embeddable":true,"href":"https:\/\/doradcyrodzinie.pl\/index.php\/wp-json\/wp\/v2\/comments?post=664"}],"version-history":[{"count":9,"href":"https:\/\/doradcyrodzinie.pl\/index.php\/wp-json\/wp\/v2\/posts\/664\/revisions"}],"predecessor-version":[{"id":679,"href":"https:\/\/doradcyrodzinie.pl\/index.php\/wp-json\/wp\/v2\/posts\/664\/revisions\/679"}],"wp:attachment":[{"href":"https:\/\/doradcyrodzinie.pl\/index.php\/wp-json\/wp\/v2\/media?parent=664"}],"wp:term":[{"taxonomy":"category","embeddable":true,"href":"https:\/\/doradcyrodzinie.pl\/index.php\/wp-json\/wp\/v2\/categories?post=664"},{"taxonomy":"post_tag","embeddable":true,"href":"https:\/\/doradcyrodzinie.pl\/index.php\/wp-json\/wp\/v2\/tags?post=664"}],"curies":[{"name":"wp","href":"https:\/\/api.w.org\/{rel}","templated":true}]}}