{"id":810,"date":"2026-04-27T21:00:12","date_gmt":"2026-04-27T21:00:12","guid":{"rendered":"https:\/\/doradcyrodzinie.pl\/?p=810"},"modified":"2026-04-27T21:04:13","modified_gmt":"2026-04-27T21:04:13","slug":"nauka-wobec-rewolucji-oswiatowej-w-polsce","status":"publish","type":"post","link":"https:\/\/doradcyrodzinie.pl\/index.php\/2026\/04\/27\/nauka-wobec-rewolucji-oswiatowej-w-polsce\/","title":{"rendered":"NAUKA WOBEC REWOLUCJI O\u015aWIATOWEJ W POLSCE"},"content":{"rendered":"\n<figure class=\"wp-block-embed aligncenter is-type-video is-provider-youtube wp-block-embed-youtube wp-embed-aspect-16-9 wp-has-aspect-ratio\"><div class=\"wp-block-embed__wrapper\">\n<iframe loading=\"lazy\" title=\"NAUKA WOBEC REWOLUCJI O\u015aWIATOWEJ W POLSCE I Plejada Profesor\u00f3w w sprzeciwie wobec dzia\u0142a\u0144 MEN\" width=\"500\" height=\"281\" src=\"https:\/\/www.youtube.com\/embed\/OsPVzXpgiUE?feature=oembed\" frameborder=\"0\" allow=\"accelerometer; autoplay; clipboard-write; encrypted-media; gyroscope; picture-in-picture; web-share\" referrerpolicy=\"strict-origin-when-cross-origin\" allowfullscreen><\/iframe>\n<\/div><\/figure>\n\n\n\n<p>Poznaj diagnoz\u0119 wybitnych przedstawicieli \u015brodowisk naukowych na temat transformacji polskiej edukacji, kt\u00f3r\u0105 na niespotykan\u0105 od kilku dekad skal\u0119, realizuj\u0105 politycy i urz\u0119dnicy Ministerstwa Edukacji Narodowej. <\/p>\n\n\n\n<p>\ud83d\udccc Zosta\u0144 widzem panelu dyskusyjnego, kt\u00f3ry odby\u0142 si\u0119 26 marca w Domu Tr\u00f3jmorza w Warszawie. <\/p>\n\n\n\n<p>\ud83d\udccc Poznaj przyczyny i prognozowane skutki rewolucji w polskiej edukacji dla przysz\u0142ych pokole\u0144 i dla Polski. <\/p>\n\n\n\n<p>\ud83d\udccc Organizatorzy: Koalicja na Rzecz Ocalenia Polskiej Szko\u0142y Fundacja Polska Wielki Projekt <\/p>\n\n\n\n<p>\ud83d\udccc By\u0142o to spotkanie os\u00f3b zaanga\u017cowanych w polsk\u0105 edukacj\u0119 i zatroskanych o jej przysz\u0142o\u015b\u0107.<\/p>\n\n\n\n<p> \ud83d\udce2 W czwartek 26 marca 2026 roku w Domu Tr\u00f3jmorza przy ulicy \u0141owickiej na warszawskim Mokotowie odby\u0142 si\u0119 panel zatytu\u0142owany \u201eNauka wobec rewolucji o\u015bwiatowej w Polsce\u201d. Wzi\u0119li w nim udzia\u0142 profesorowie uczelni wy\u017cszych z ca\u0142ego kraju, kt\u00f3rzy specjalizuj\u0105 si\u0119 w r\u00f3\u017cnych dziedzinach nauki, tak przedmiotach humanistycznych, jak i technicznych. Specjali\u015bci r\u00f3\u017cnych dziedzin <\/p>\n\n\n\n<p>\ud83d\udce2 W dyskusji, kt\u00f3r\u0105 poprowadzi\u0142 redaktor Jakub Moroz wzi\u0119li udzia\u0142: prof. Jacek Janowski (Politechnika Warszawska), prof. Bogdan Chazan, profesor ginekologii i po\u0142o\u017cnictwa prof. Tadeusz Kowalski (Politechnika Warszawska), prof. Ryszard Legutko (Uniwersytet Jagiello\u0144ski), prof. Jan \u017baryn (Uniwersytet Kardyna\u0142a Stefana Wyszy\u0144skiego w Warszawie), prof. Micha\u0142 Michalski (Uniwersytet im. Adama Mickiewicza w Poznaniu) i dr J\u00f3zef Orze\u0142. <\/p>\n\n\n\n<p>\ud83d\udce2 Krytyczne spojrzenie W trakcie trzygodzinnego spotkania ka\u017cdy z prelegent\u00f3w wskazywa\u0142 na zagro\u017cenia p\u0142yn\u0105ce dla polskiej edukacji ze zmian, za kt\u00f3rymi stoi obecne kierownictwo Ministerstwa Edukacji Narodowej. Dotyczy to nie tylko pr\u00f3by wprowadzenia do polskich szk\u00f3\u0142 przedmiotu \u201eedukacja zdrowotna\u201d, w kt\u00f3rego programie nauczania mia\u0142y znale\u017a\u0107 si\u0119 elementy nie tyle rozwijaj\u0105ce dzieci i m\u0142odzie\u017c, a seksualizuj\u0105ce i deprawuj\u0105ce m\u0142odsze pokolenia. <\/p>\n\n\n\n<p>\ud83d\udccc Naukowcy krytycznie ocenili pomys\u0142y, kt\u00f3re \u2013 zdaniem pomys\u0142odawc\u00f3w z MEN \u2013 maj\u0105 mi\u0119dzy innymi zmniejszy\u0107 obci\u0105\u017cenia szkolne dla polskich uczni\u00f3w. Zdaniem profesor\u00f3w, proponowane i wprowadzane zmiany w zakresie nauczania, tak przedmiot\u00f3w humanistycznych, jak i \u015bcis\u0142ych, sprawi\u0105, \u017ce dzieci i m\u0142odzie\u017c nie tylko zatrac\u0105 kontakt z polsk\u0105 kultur\u0105 i tradycj\u0105, ale i b\u0119d\u0105 s\u0142abo przygotowane do funkcjonowania we wsp\u00f3\u0142czesnym \u015bwiecie, w kt\u00f3rym du\u017ce znaczenie maj\u0105 nowoczesne technologie.<\/p>\n","protected":false},"excerpt":{"rendered":"<p>Poznaj diagnoz\u0119 wybitnych przedstawicieli \u015brodowisk naukowych na temat transformacji polskiej edukacji, kt\u00f3r\u0105 na niespotykan\u0105 od kilku dekad skal\u0119, realizuj\u0105 politycy i urz\u0119dnicy Ministerstwa Edukacji Narodowej. \ud83d\udccc Zosta\u0144 widzem panelu dyskusyjnego, kt\u00f3ry odby\u0142 si\u0119 26 marca w Domu Tr\u00f3jmorza w Warszawie. \ud83d\udccc Poznaj przyczyny i prognozowane skutki rewolucji w polskiej edukacji dla przysz\u0142ych pokole\u0144 i dla [&hellip;]<\/p>\n","protected":false},"author":1,"featured_media":0,"comment_status":"closed","ping_status":"open","sticky":false,"template":"","format":"standard","meta":{"footnotes":""},"categories":[1],"tags":[],"class_list":["post-810","post","type-post","status-publish","format-standard","hentry","category-uncategorized"],"_links":{"self":[{"href":"https:\/\/doradcyrodzinie.pl\/index.php\/wp-json\/wp\/v2\/posts\/810","targetHints":{"allow":["GET"]}}],"collection":[{"href":"https:\/\/doradcyrodzinie.pl\/index.php\/wp-json\/wp\/v2\/posts"}],"about":[{"href":"https:\/\/doradcyrodzinie.pl\/index.php\/wp-json\/wp\/v2\/types\/post"}],"author":[{"embeddable":true,"href":"https:\/\/doradcyrodzinie.pl\/index.php\/wp-json\/wp\/v2\/users\/1"}],"replies":[{"embeddable":true,"href":"https:\/\/doradcyrodzinie.pl\/index.php\/wp-json\/wp\/v2\/comments?post=810"}],"version-history":[{"count":2,"href":"https:\/\/doradcyrodzinie.pl\/index.php\/wp-json\/wp\/v2\/posts\/810\/revisions"}],"predecessor-version":[{"id":813,"href":"https:\/\/doradcyrodzinie.pl\/index.php\/wp-json\/wp\/v2\/posts\/810\/revisions\/813"}],"wp:attachment":[{"href":"https:\/\/doradcyrodzinie.pl\/index.php\/wp-json\/wp\/v2\/media?parent=810"}],"wp:term":[{"taxonomy":"category","embeddable":true,"href":"https:\/\/doradcyrodzinie.pl\/index.php\/wp-json\/wp\/v2\/categories?post=810"},{"taxonomy":"post_tag","embeddable":true,"href":"https:\/\/doradcyrodzinie.pl\/index.php\/wp-json\/wp\/v2\/tags?post=810"}],"curies":[{"name":"wp","href":"https:\/\/api.w.org\/{rel}","templated":true}]}}